[{"@context":"https:\/\/schema.org\/","@type":"Article","@id":"https:\/\/www.3579.cz\/s-ubytovanim-si-nedelejte-vubec-zadne-starosti\/#Article","mainEntityOfPage":"https:\/\/www.3579.cz\/s-ubytovanim-si-nedelejte-vubec-zadne-starosti\/","headline":"S ubytov\u00e1n\u00edm si ned\u011blejte v\u016fbec \u017e\u00e1dn\u00e9 starosti","name":"S ubytov\u00e1n\u00edm si ned\u011blejte v\u016fbec \u017e\u00e1dn\u00e9 starosti","description":"Bydl\u00edte-li v \u010cech\u00e1ch, doporu\u010dujeme v\u00e1m poznat Morav\u00e1ky. A nejen Morav\u00e1ky, jako p\u0159\u00e1telsk\u00e9, p\u0159\u00edjemn\u00e9 a pohostinn\u00e9 lidi, ale i Moravu, jako n\u00e1dhernou \u010d\u00e1st zem\u011b, kter\u00e1 se v mnoh\u00e9m odli\u0161uje od \u010desk\u00fdch... ","datePublished":"2024-11-15","dateModified":"2024-11-15","author":{"@type":"Person","@id":"https:\/\/www.3579.cz\/author\/#Person","name":"","url":"https:\/\/www.3579.cz\/author\/","identifier":1,"image":{"@type":"ImageObject","@id":"https:\/\/secure.gravatar.com\/avatar\/b86e461e91a792eb6523c2667396c9868de382fea5dd80e25dc0d9e030173b65?s=96&d=mm&r=g","url":"https:\/\/secure.gravatar.com\/avatar\/b86e461e91a792eb6523c2667396c9868de382fea5dd80e25dc0d9e030173b65?s=96&d=mm&r=g","height":96,"width":96}},"publisher":{"@type":"Organization","name":"3579.cz","logo":{"@type":"ImageObject","@id":"\/logo.png","url":"\/logo.png","width":600,"height":60}},"url":"https:\/\/www.3579.cz\/s-ubytovanim-si-nedelejte-vubec-zadne-starosti\/","wordCount":207,"articleBody":"Bydl\u00edte-li v \u010cech\u00e1ch, doporu\u010dujeme v\u00e1m poznat Morav\u00e1ky. A nejen Morav\u00e1ky, jako p\u0159\u00e1telsk\u00e9, p\u0159\u00edjemn\u00e9 a pohostinn\u00e9 lidi, ale i Moravu, jako n\u00e1dhernou \u010d\u00e1st zem\u011b, kter\u00e1 se v mnoh\u00e9m odli\u0161uje od \u010desk\u00fdch kraj\u016f. Zaj\u00edmavosti a n\u00e1dhernou p\u0159\u00edrodu objev\u00edte v severn\u00ed, st\u0159edn\u00ed i ji\u017en\u00ed \u010d\u00e1sti Moravy. Pokud byste v\u0161ak cht\u011bli zn\u00e1t doporu\u010den\u00ed, kam se pod\u00edvat nejd\u0159\u00edve, \u010d\u00edm za\u010d\u00edt, vydejte se do nejji\u017en\u011bj\u0161\u00ed \u010d\u00e1sti ji\u017en\u00ed Moravy, kde hlavn\u00ed slovo m\u00e1 \u0159eka Dyje a vinohrady. S ubytov\u00e1n\u00edm si ned\u011blejte v\u016fbec \u017e\u00e1dn\u00e9 starosti, proto\u017ee i v tomto nejji\u017en\u011bj\u0161\u00edm koutku na\u0161\u00ed vlasti se pro v\u00e1s v\u017edy najde p\u011bkn\u00e1 a stylov\u00e1 chata a chalupa.D\u00e1te-li na na\u0161e doporu\u010den\u00ed, m\u016f\u017eete se pr\u00e1v\u011b v tomto obdob\u00ed z\u00fa\u010dastnit sklizn\u011b vinn\u00e9 r\u00e9vy a b\u00fdt p\u0159\u00edtomni v\u00fdrob\u011b lahodn\u00e9ho zlatav\u00e9ho moku, kter\u00fdm je moravsk\u00e9 v\u00edno. Ubytov\u00e1n\u00ed \u0159e\u0161\u00ed chata a chalupa.\tKraj v\u00ednaLednicko-valtick\u00fd are\u00e1l, B\u0159eclavsko, Mikulov a chata a chalupa, nic lep\u0161\u00edho v\u00e1s v t\u011bchto podzimn\u00edch dnech nepotk\u00e1.                                                                                                                                                                                                                                                                                                                                                                                        4\/5 - (2 votes)        "},{"@context":"https:\/\/schema.org\/","@type":"BreadcrumbList","itemListElement":[{"@type":"ListItem","position":1,"name":"S ubytov\u00e1n\u00edm si ned\u011blejte v\u016fbec \u017e\u00e1dn\u00e9 starosti","item":"https:\/\/www.3579.cz\/s-ubytovanim-si-nedelejte-vubec-zadne-starosti\/#breadcrumbitem"}]}]