[{"@context":"https:\/\/schema.org\/","@type":"Article","@id":"https:\/\/www.3579.cz\/drahy-automobil\/#Article","mainEntityOfPage":"https:\/\/www.3579.cz\/drahy-automobil\/","headline":"Drah\u00fd automobil","name":"Drah\u00fd automobil","description":"Ano, ka\u017ed\u00fd mu\u017e m\u00e1 v\u016fz, kter\u00fdm se r\u00e1d ve spole\u010dnosti pochlub\u00ed. V\u00fdjimku utvo\u0159il snad jen pan Vr\u00e1na v proslul\u00e9m filmu \u201eVrchn\u00ed prchni\u201c kdy\u017e se na srazu spolu\u017e\u00e1k\u016f chlubil vozem ciz\u00edm,... ","datePublished":"2023-12-17","dateModified":"2024-01-18","author":{"@type":"Person","@id":"https:\/\/www.3579.cz\/author\/#Person","name":"","url":"https:\/\/www.3579.cz\/author\/","identifier":1,"image":{"@type":"ImageObject","@id":"https:\/\/secure.gravatar.com\/avatar\/b86e461e91a792eb6523c2667396c9868de382fea5dd80e25dc0d9e030173b65?s=96&d=mm&r=g","url":"https:\/\/secure.gravatar.com\/avatar\/b86e461e91a792eb6523c2667396c9868de382fea5dd80e25dc0d9e030173b65?s=96&d=mm&r=g","height":96,"width":96}},"publisher":{"@type":"Organization","name":"3579.cz","logo":{"@type":"ImageObject","@id":"\/logo.png","url":"\/logo.png","width":600,"height":60}},"image":{"@type":"ImageObject","@id":"https:\/\/www.3579.cz\/wp-content\/uploads\/bmw-2964072_640_1.jpg","url":"https:\/\/www.3579.cz\/wp-content\/uploads\/bmw-2964072_640_1.jpg","height":0,"width":0},"url":"https:\/\/www.3579.cz\/drahy-automobil\/","about":["Spole\u010dnosti"],"wordCount":418,"articleBody":"        Ano, ka\u017ed\u00fd mu\u017e m\u00e1 v\u016fz, kter\u00fdm se r\u00e1d ve spole\u010dnosti pochlub\u00ed. V\u00fdjimku utvo\u0159il snad jen pan Vr\u00e1na v proslul\u00e9m filmu \u201eVrchn\u00ed prchni\u201c kdy\u017e se na srazu spolu\u017e\u00e1k\u016f chlubil vozem ciz\u00edm, a ne t\u00edm sv\u00fdm. H\u00e1danka pro pozorn\u00e9 div\u00e1ky, vzpomenete si, \u010d\u00edm to vlastn\u011b doopravdy p\u0159ijel? Pokud ne, tak na konci \u010dl\u00e1nku naleznete odpov\u011b\u010f. Nyn\u00ed ale k v\u011bci. Je pravdou, \u017ee pokud chcete nov\u00fd v\u016fz, mus\u00edte si nachystat hodn\u011b pen\u011bz. A pokud je nem\u00e1te, nem\u00e1te ani v\u016fz, i kdy\u017e&#8230; Operativn\u00ed leasing, co to je? N\u011bco ciz\u00edho v zahrani\u010d\u00ed? Ne, kdepak. V zahrani\u010d\u00ed to m\u00e1 sv\u00e9 ji\u017e d\u00e1vno prad\u00e1vno odbyt\u00e9, a to v\u00edce ne\u017e \u00fasp\u011b\u0161n\u011b, proto je tam tento druh leasingu nab\u00edzen na ka\u017ed\u00e9m kroku a ka\u017ed\u00fd m\u016f\u017ee uv\u00e1\u017eit, kde si na to automobil po\u0159\u00edd\u00ed. Sleduje v\u00fdhody a tam pak nam\u00ed\u0159\u00ed sv\u00e9 kroky. Ani u n\u00e1s to nen\u00ed \u017e\u00e1dn\u00e1 novinka, i kdy\u017e to zde nen\u00ed tak dlouho jako jinde. P\u0159esto je tento operativn\u00ed leasing ji\u017e vyzkou\u0161en spoustou z\u00e1kazn\u00edk\u016f a v\u011b\u0159te, \u017ee stejn\u011b jako v zahrani\u010d\u00ed i zde s obrovsk\u00fdm \u00fasp\u011bchem. Je k tomu v\u00edce d\u016fvod\u016f a kdybychom je zde m\u011bli postupn\u011b vyjmenov\u00e1vat, nem\u011bl by \u010dl\u00e1nek konec. Stejn\u011b tak jako p\u0159i v\u00fd\u010dtu v\u00fdhod, tak\u017ee bude nejl\u00e9pe, kdy\u017e se napijete p\u0159\u00edmo u pramene. Toti\u017e, kdy\u017e se pod\u00edv\u00e1te p\u0159\u00edmo na webov\u00e9 str\u00e1nky toho, kdo tuto slu\u017ebu poskytuje, a tak byste se rozhodli co d\u00e1le.Dostanete se tam pom\u011brn\u011b snadno a to tak, \u017ee kliknete na odkaz, kter\u00fd je zde v \u010dl\u00e1nku uveden. Je o n\u011bco v\u00fd\u0161e a text m\u00e1 jinou barvu. Pot\u00e9 u\u017e sami uvid\u00edte obsah str\u00e1nek a vlastn\u011b se sami rozhodnete, zda si to prostudujete cel\u00e9, nebo p\u016fjdete p\u0159\u00edmo k j\u00e1dru pudla. Nezb\u00fdv\u00e1 ne\u017e v\u00e1m pop\u0159\u00e1t co nejrychleji vy\u0159\u00edzenou z\u00e1le\u017eitost a skv\u011blou j\u00edzdu v nov\u00e9m voze. A pokud se domn\u00edv\u00e1te, \u017ee jsem zapomn\u011bl na odpov\u011b\u010f na ot\u00e1zku v \u010dl\u00e1nku, tak v\u011bzte \u017ee rozhodn\u011b nezapomn\u011bl. J\u00e1 sv\u00e9 \u010dten\u00e1\u0159e za nos nevod\u00edm. Nu\u017ee, spr\u00e1vn\u00e1 odpov\u011b\u010f je takov\u00e1. Pan Vr\u00e1na p\u0159ijel Velorexem, tedy voz\u00edtkem zvan\u00fdm \u201etrojkolka\u201c.                                                                                                                                                                                                                                                                                                                                                                                           3.7\/5 - (8 votes)        "},{"@context":"https:\/\/schema.org\/","@type":"BreadcrumbList","itemListElement":[{"@type":"ListItem","position":1,"name":"Drah\u00fd automobil","item":"https:\/\/www.3579.cz\/drahy-automobil\/#breadcrumbitem"}]}]